

{"id":7884,"date":"2022-05-06T09:16:06","date_gmt":"2022-05-06T09:16:06","guid":{"rendered":"https:\/\/www.museodegrandas.es\/medidas-de-prevencion-covid-19\/"},"modified":"2022-05-06T09:51:30","modified_gmt":"2022-05-06T09:51:30","slug":"medidas-de-prevencion-covid-19","status":"publish","type":"post","link":"https:\/\/www.museodegrandas.es\/as\/medidas-de-prevencion-covid-19\/","title":{"rendered":"Mididas de prevenci\u00f3n COVID-19"},"content":{"rendered":"<h2>Recomendaci\u00f3s na visita al Museo Etnogr\u00e1fico de Grandas de Salime &#8220;Pepe el Ferreiro&#8221; pa minimizar os riesgos de contaxio del COVID-19<\/h2>\n<p>&nbsp;<\/p>\n<p>El <strong>Museo Etnogr\u00e1fico de Grandas de Salime \u00abPepe el Ferreiro\u00bb<\/strong> adapt\u00f3u as s\u00faas instalaci\u00f3is e servicios p&#8217;axudar a minimizar os riesgos de contaxio del virus COVID-19 conforme \u00e1 situaci\u00f3n en cada momento.<\/p>\n<p>&nbsp;<\/p>\n<h3>Durante a visita al Museo recom\u00e9ndase:<\/h3>\n<ul>\n<li>El uso de\u00a0<strong>mascarilla\u00a0<\/strong>nel Museo, especialmente en interiores.<\/li>\n<li>Manter \u00faa\u00a0<strong>distancia interpersonal<\/strong>\u00a0m\u00ednima de 1,5 m.<\/li>\n<li>A desinfecci\u00f3n a miudo de maos. Nos accesos a os diferente espacios del Museo ter\u00e1 dispensadores de <strong>xel desinfectante<\/strong>.<\/li>\n<li>Prestar atenci\u00f3n \u00e1s indicaci\u00f3is e recomendaci\u00f3is detalladas na\u00a0<strong>carteleir\u00eda informativa.<\/strong><\/li>\n<li>Ta <strong>prohibido beber ou comer<\/strong> durante a estancia nel interior del Museo.<\/li>\n<li>Pode recurrir a os nosos asistentes pa cualquer duda ou consulta. <strong>Tamos p\u2019axudarlle<\/strong>.<\/li>\n<\/ul>\n","protected":false},"excerpt":{"rendered":"<p>Recomendaci\u00f3s na visita al Museo Etnogr\u00e1fico de Grandas de Salime &#8220;Pepe el Ferreiro&#8221; pa minimizar os riesgos de contaxio del COVID-19 &nbsp; El Museo Etnogr\u00e1fico de Grandas de Salime \u00abPepe el Ferreiro\u00bb adapt\u00f3u as s\u00faas instalaci\u00f3is e servicios p&#8217;axudar a minimizar os riesgos de contaxio del virus COVID-19 conforme \u00e1 situaci\u00f3n en cada momento. &nbsp; [&hellip;]<\/p>\n","protected":false},"author":3,"featured_media":0,"comment_status":"closed","ping_status":"closed","sticky":false,"template":"","format":"standard","meta":{"_et_pb_use_builder":"","_et_pb_old_content":"","_et_gb_content_width":""},"categories":[342],"tags":[],"_links":{"self":[{"href":"https:\/\/www.museodegrandas.es\/as\/wp-json\/wp\/v2\/posts\/7884"}],"collection":[{"href":"https:\/\/www.museodegrandas.es\/as\/wp-json\/wp\/v2\/posts"}],"about":[{"href":"https:\/\/www.museodegrandas.es\/as\/wp-json\/wp\/v2\/types\/post"}],"author":[{"embeddable":true,"href":"https:\/\/www.museodegrandas.es\/as\/wp-json\/wp\/v2\/users\/3"}],"replies":[{"embeddable":true,"href":"https:\/\/www.museodegrandas.es\/as\/wp-json\/wp\/v2\/comments?post=7884"}],"version-history":[{"count":1,"href":"https:\/\/www.museodegrandas.es\/as\/wp-json\/wp\/v2\/posts\/7884\/revisions"}],"predecessor-version":[{"id":7886,"href":"https:\/\/www.museodegrandas.es\/as\/wp-json\/wp\/v2\/posts\/7884\/revisions\/7886"}],"wp:attachment":[{"href":"https:\/\/www.museodegrandas.es\/as\/wp-json\/wp\/v2\/media?parent=7884"}],"wp:term":[{"taxonomy":"category","embeddable":true,"href":"https:\/\/www.museodegrandas.es\/as\/wp-json\/wp\/v2\/categories?post=7884"},{"taxonomy":"post_tag","embeddable":true,"href":"https:\/\/www.museodegrandas.es\/as\/wp-json\/wp\/v2\/tags?post=7884"}],"curies":[{"name":"wp","href":"https:\/\/api.w.org\/{rel}","templated":true}]}}