

{"id":7815,"date":"2022-05-05T04:29:28","date_gmt":"2022-05-05T04:29:28","guid":{"rendered":"https:\/\/www.museodegrandas.es\/visitas-guiadas-por-los-ninos-y-ninas-de-la-asociacion-de-amigos-del-museo\/"},"modified":"2022-05-05T04:29:28","modified_gmt":"2022-05-05T04:29:28","slug":"visitas-guiadas-por-los-ninos-y-ninas-de-la-asociacion-de-amigos-del-museo","status":"publish","type":"post","link":"https:\/\/www.museodegrandas.es\/as\/visitas-guiadas-por-los-ninos-y-ninas-de-la-asociacion-de-amigos-del-museo\/","title":{"rendered":"Visitas guiadas por los ni\u00f1os y ni\u00f1as de la Asociaci\u00f3n de Amigos del Museo"},"content":{"rendered":"<p style=\"text-align: center;\"><em>Visita guiada los d\u00edas 16 y 17 de abril<\/em><\/p>\n<p>Ni\u00f1os y ni\u00f1as de la Asociaci\u00f3n de Amigos del Museo nos invitan a un recorrido guiado por el Museo. Una visita diferente y poco convencional en la que conoceremos el Museo desde la particular mirada de nuestros visitantes m\u00e1s j\u00f3venes que frecuentan el Museo desde muy peque\u00f1os y que compartir\u00e1n con nosotros sus espacios favoritos.<\/p>\n<p>Los ni\u00f1os y ni\u00f1as que guiar\u00e1n esta visita son:<\/p>\n<ul>\n<li>Jimena Montes M\u00edguez<\/li>\n<li>Mar\u00eda Montes M\u00edguez<\/li>\n<li>Lucas Allonca Mesa<\/li>\n<li>Julieta Casta\u00f1o Casariego<\/li>\n<li>Carla Iglesias S\u00e1nchez<\/li>\n<li>Marco Berm\u00fadez Naveiras<\/li>\n<\/ul>\n<p style=\"text-align: center;\">En nuestro <a href=\"https:\/\/www.youtube.com\/channel\/UCzh1YOtl_ouxiN_x-kRKwdg\" target=\"_blank\" rel=\"noopener\">canal de Youtube<\/a> los ni\u00f1os y ni\u00f1as de la Asociaci\u00f3n de Amigos del Museo te animan a participar en esta actividad. <a href=\"https:\/\/www.youtube.com\/watch?v=t7WI3wiRwwg&amp;list=PLLorH54AGLtwPB7DwfM4jB2FZQ9U3PUFF\" target=\"_blank\" rel=\"noopener\">Mira los v\u00eddeos<\/a>.<\/p>\n<p>&nbsp;<\/p>\n<p><strong>Fechas y horarios<\/strong>: s\u00e1bado 16 de abril a las 12:30 y 17:30 h. y\u00a0 domingo 17 de abril a las 12:30 h.<\/p>\n<p><strong>Dirigido a<\/strong>: todos los p\u00fablicos. Los menores de 12 a\u00f1os deben acudir acompa\u00f1ados.<\/p>\n<p><strong>Precio<\/strong>: gratuito. Incluido en la entrada del Museo.<\/p>\n<p><strong>Duraci\u00f3n<\/strong>: una hora.<\/p>\n<p><strong>Plazas<\/strong>: 10 personas por pase.<\/p>\n<p><strong>Colabora:<\/strong> \u00a0<a href=\"https:\/\/www.facebook.com\/AmigosMuseoetonograficoGrandas\">Asociaci\u00f3n de Amigos del Museo<\/a>.<\/p>\n<p><strong>Observaciones<\/strong>: es obligatorio el uso de mascarilla.<\/p>\n<p><strong>Mas informaci\u00f3n:<\/strong>\u00a0902 306 600 \/ 985 185 860.<\/p>\n<p><strong>C\u00f3mo participar<\/strong>: retirando invitaci\u00f3n en taquilla y online hasta las 15:00 h. del d\u00eda 15 de abril en el siguiente enlace: <a href=\"https:\/\/museodegrandas.sacatuentrada.es\/es\/entradas\/visita-guiada-por-los-ni%C3%B1os-y-ni%C3%B1as-de-la-asociacion\" target=\"_blank\" rel=\"noopener\">Visita guiada por los ni\u00f1os y ni\u00f1as de la Asociaci\u00f3n de Amigos del Museo<\/a>.<\/p>\n<p><a href=\"https:\/\/www.museodegrandas.es\/wp-content\/uploads\/2022\/03\/vg_ninos.jpg\"><img loading=\"lazy\" class=\"alignnone size-large wp-image-7215\" src=\"https:\/\/www.museodegrandas.es\/wp-content\/uploads\/2022\/03\/vg_ninos-1024x533.jpg\" alt=\"\" width=\"1024\" height=\"533\" \/><\/a><\/p>\n","protected":false},"excerpt":{"rendered":"<p>Visita guiada los d\u00edas 16 y 17 de abril Ni\u00f1os y ni\u00f1as de la Asociaci\u00f3n de Amigos del Museo nos invitan a un recorrido guiado por el Museo. Una visita diferente y poco convencional en la que conoceremos el Museo desde la particular mirada de nuestros visitantes m\u00e1s j\u00f3venes que frecuentan el Museo desde muy [&hellip;]<\/p>\n","protected":false},"author":8,"featured_media":0,"comment_status":"closed","ping_status":"open","sticky":false,"template":"","format":"standard","meta":{"_et_pb_use_builder":"","_et_pb_old_content":"","_et_gb_content_width":""},"categories":[338],"tags":[],"_links":{"self":[{"href":"https:\/\/www.museodegrandas.es\/as\/wp-json\/wp\/v2\/posts\/7815"}],"collection":[{"href":"https:\/\/www.museodegrandas.es\/as\/wp-json\/wp\/v2\/posts"}],"about":[{"href":"https:\/\/www.museodegrandas.es\/as\/wp-json\/wp\/v2\/types\/post"}],"author":[{"embeddable":true,"href":"https:\/\/www.museodegrandas.es\/as\/wp-json\/wp\/v2\/users\/8"}],"replies":[{"embeddable":true,"href":"https:\/\/www.museodegrandas.es\/as\/wp-json\/wp\/v2\/comments?post=7815"}],"version-history":[{"count":0,"href":"https:\/\/www.museodegrandas.es\/as\/wp-json\/wp\/v2\/posts\/7815\/revisions"}],"wp:attachment":[{"href":"https:\/\/www.museodegrandas.es\/as\/wp-json\/wp\/v2\/media?parent=7815"}],"wp:term":[{"taxonomy":"category","embeddable":true,"href":"https:\/\/www.museodegrandas.es\/as\/wp-json\/wp\/v2\/categories?post=7815"},{"taxonomy":"post_tag","embeddable":true,"href":"https:\/\/www.museodegrandas.es\/as\/wp-json\/wp\/v2\/tags?post=7815"}],"curies":[{"name":"wp","href":"https:\/\/api.w.org\/{rel}","templated":true}]}}